{"id":9464,"date":"2007-10-09T00:00:00","date_gmt":"2007-10-08T22:00:00","guid":{"rendered":"https:\/\/webdali.latempesta.eu\/fundacio-dali\/noticia\/dali-a-l-epicentre-del-cinema\/"},"modified":"2025-06-26T10:47:28","modified_gmt":"2025-06-26T08:47:28","slug":"dali-a-l-epicentre-du-cinema","status":"publish","type":"noticia","link":"https:\/\/webdali.latempesta.eu\/fr\/fondation-dali\/nouvelle\/dali-a-l-epicentre-du-cinema\/","title":{"rendered":"Dal\u00ed \u00e0 l&rsquo;\u00e9picentre du cin\u00e9ma"},"content":{"rendered":"<p>Le mus\u00e9e Los Angeles County Museum of Art a inaugur\u00e9 l&rsquo;exposition Dal\u00ed, Paintigns &amp; Films, qu&rsquo;on avait pu voir \u00e0 la Tate Modern (Londre) jusqu&rsquo;au mois de septembre. En representant la Fondation Gala-Salvador Dal\u00ed, co-organisatrice de l&rsquo;exposition, son g\u00e9rant, Joan Manuel Sevillano a particip\u00e9 \u00e0 l&rsquo;inauguration. On peut visiter l&rsquo;exposition du 14 Octobre au 6 Janvier 2008.<\/p>\n","protected":false},"excerpt":{"rendered":"<p>Le mus\u00e9e Los Angeles County Museum of Art a inaugur\u00e9 l&rsquo;exposition Dal\u00ed, Paintigns &amp; Films, qu&rsquo;on avait pu voir \u00e0 la Tate Modern (Londre) jusqu&rsquo;au mois de septembre. En representant la Fondation Gala-Salvador Dal\u00ed, co-organisatrice de l&rsquo;exposition, son g\u00e9rant, Joan Manuel Sevillano a particip\u00e9 \u00e0 l&rsquo;inauguration. On peut visiter l&rsquo;exposition du 14 Octobre au 6 [&hellip;]<\/p>\n","protected":false},"featured_media":4270,"menu_order":0,"template":"","format":"standard","meta":{"_acf_changed":false,"_coblocks_attr":"","_coblocks_dimensions":"","_coblocks_responsive_height":"","_coblocks_accordion_ie_support":""},"categoria-actualitat":[110],"class_list":["post-9464","noticia","type-noticia","status-publish","format-standard","has-post-thumbnail","hentry","categoria-actualitat-expositions"],"acf":[],"_links":{"self":[{"href":"https:\/\/webdali.latempesta.eu\/fr\/wp-json\/wp\/v2\/noticia\/9464","targetHints":{"allow":["GET"]}}],"collection":[{"href":"https:\/\/webdali.latempesta.eu\/fr\/wp-json\/wp\/v2\/noticia"}],"about":[{"href":"https:\/\/webdali.latempesta.eu\/fr\/wp-json\/wp\/v2\/types\/noticia"}],"wp:featuredmedia":[{"embeddable":true,"href":"https:\/\/webdali.latempesta.eu\/fr\/wp-json\/wp\/v2\/media\/4270"}],"wp:attachment":[{"href":"https:\/\/webdali.latempesta.eu\/fr\/wp-json\/wp\/v2\/media?parent=9464"}],"wp:term":[{"taxonomy":"categoria-actualitat","embeddable":true,"href":"https:\/\/webdali.latempesta.eu\/fr\/wp-json\/wp\/v2\/categoria-actualitat?post=9464"}],"curies":[{"name":"wp","href":"https:\/\/api.w.org\/{rel}","templated":true}]}}