{"id":9724,"date":"2003-07-23T00:00:00","date_gmt":"2003-07-22T22:00:00","guid":{"rendered":"https:\/\/webdali.latempesta.eu\/fundacio-dali\/noticia\/la-corporacio-catalana-de-radio-i-televisio-ccrtv-es-converteix-en-entitat-col-laboradora-de-l-any-dali-2004\/"},"modified":"2025-06-26T10:47:33","modified_gmt":"2025-06-26T08:47:33","slug":"la-corporacio-catalana-de-radio-i-televisio-ccrtv-accede-au-statut-d-organisme-collaborateur-de-l-annee-dali-2004","status":"publish","type":"noticia","link":"https:\/\/webdali.latempesta.eu\/fr\/fondation-dali\/nouvelle\/la-corporacio-catalana-de-radio-i-televisio-ccrtv-accede-au-statut-d-organisme-collaborateur-de-l-annee-dali-2004\/","title":{"rendered":"La Corporaci\u00f3 Catalana de R\u00e0dio i Televisi\u00f3 (CCRTV) acc\u00e8de au statut d\u2019organisme collaborateur de l\u2019Ann\u00e9e Dal\u00ed 2004"},"content":{"rendered":"<p>Le directeur g\u00e9n\u00e9ral de la Corporaci\u00f3 Catalana de R\u00e0dio i Televisi\u00f3 (Corporation Catalane de Radio et T\u00e9l\u00e9vision, CCRTV), M. Vicen\u00e7 Villatoro, et le pr\u00e9sident de la Fundaci\u00f3 Gala-Salvador Dal\u00ed, M. Ramon Boixad\u00f3s, ont sign\u00e9 le document d\u2019adh\u00e9sion en vertu duquel la Corporation acc\u00e8de au statut d\u2019organisme collaborateur de l\u2019Ann\u00e9e Dal\u00ed 2004. La signature du document a eu lieu \u00e0 l\u2019H\u00f4tel Empord\u00e0 de Figueres, un autre organisme collaborateur du centenaire.<\/p>\n<p>Par le biais de cette convention, la CCRTV s\u2019engage \u00e0 soutenir la diffusion des actes et c\u00e9l\u00e9brations inaugurales du centenaire et \u00e0 participer \u00e0 la promotion des activit\u00e9s qui constituent l\u2019Ann\u00e9e Dal\u00ed 2004. En \u00e9change de cette contribution, la Fundaci\u00f3 Gala-Salvador Dal\u00ed c\u00e8de \u00e0 la CCRTV l\u2019usage de la marque officielle de l\u2019ann\u00e9e dans la publicit\u00e9 que celle-ci estimera opportune selon les normes \u00e9tablies par la Fondation.<\/p>\n","protected":false},"excerpt":{"rendered":"<p>Le directeur g\u00e9n\u00e9ral de la Corporaci\u00f3 Catalana de R\u00e0dio i Televisi\u00f3 (Corporation Catalane de Radio et T\u00e9l\u00e9vision, CCRTV), M. Vicen\u00e7 Villatoro, et le pr\u00e9sident de la Fundaci\u00f3 Gala-Salvador Dal\u00ed, M. Ramon Boixad\u00f3s, ont sign\u00e9 le document d\u2019adh\u00e9sion en vertu duquel la Corporation acc\u00e8de au statut d\u2019organisme collaborateur de l\u2019Ann\u00e9e Dal\u00ed 2004. La signature du document [&hellip;]<\/p>\n","protected":false},"featured_media":4010,"menu_order":0,"template":"","format":"standard","meta":{"_acf_changed":false,"_coblocks_attr":"","_coblocks_dimensions":"","_coblocks_responsive_height":"","_coblocks_accordion_ie_support":""},"categoria-actualitat":[109],"class_list":["post-9724","noticia","type-noticia","status-publish","format-standard","has-post-thumbnail","hentry","categoria-actualitat-annee-dali"],"acf":[],"_links":{"self":[{"href":"https:\/\/webdali.latempesta.eu\/fr\/wp-json\/wp\/v2\/noticia\/9724","targetHints":{"allow":["GET"]}}],"collection":[{"href":"https:\/\/webdali.latempesta.eu\/fr\/wp-json\/wp\/v2\/noticia"}],"about":[{"href":"https:\/\/webdali.latempesta.eu\/fr\/wp-json\/wp\/v2\/types\/noticia"}],"wp:featuredmedia":[{"embeddable":true,"href":"https:\/\/webdali.latempesta.eu\/fr\/wp-json\/wp\/v2\/media\/4010"}],"wp:attachment":[{"href":"https:\/\/webdali.latempesta.eu\/fr\/wp-json\/wp\/v2\/media?parent=9724"}],"wp:term":[{"taxonomy":"categoria-actualitat","embeddable":true,"href":"https:\/\/webdali.latempesta.eu\/fr\/wp-json\/wp\/v2\/categoria-actualitat?post=9724"}],"curies":[{"name":"wp","href":"https:\/\/api.w.org\/{rel}","templated":true}]}}