{"id":9745,"date":"2003-04-22T00:00:00","date_gmt":"2003-04-21T22:00:00","guid":{"rendered":"https:\/\/webdali.latempesta.eu\/fundacio-dali\/noticia\/el-consell-promotor-de-l-any-dali-incorpora-rtve\/"},"modified":"2025-06-26T10:47:33","modified_gmt":"2025-06-26T08:47:33","slug":"le-conseil-promoteur-de-l-annee-dali-accueille-rtve-en-son-sein","status":"publish","type":"noticia","link":"https:\/\/webdali.latempesta.eu\/fr\/fondation-dali\/nouvelle\/le-conseil-promoteur-de-l-annee-dali-accueille-rtve-en-son-sein\/","title":{"rendered":"Le Conseil promoteur de l\u2019Ann\u00e9e Dal\u00ed accueille RTVE en son sein"},"content":{"rendered":"<p>Le groupe d\u2019entreprises de communication de Radio Televisi\u00f3n Espa\u00f1ola (RTVE) aura \u00e9t\u00e9 le second membre \u00e0 int\u00e9grer le Conseil promoteur de l\u2019Ann\u00e9e Dal\u00ed. Le protocole a \u00e9t\u00e9 sign\u00e9 au Th\u00e9\u00e2tre-mus\u00e9e Dal\u00ed de Figueres par le pr\u00e9sident de la Fondation Gala-Salvador Dal\u00ed, Ramon Boixad\u00f3s, et le directeur g\u00e9n\u00e9ral de RTVE, Jos\u00e9 Antonio S\u00e1nchez, accompagn\u00e9s de la commissaire de l\u2019Ann\u00e9e Dal\u00ed, Montse Aguer, et du directeur de RTVE en Catalogne, Ramon Font.<\/p>\n<p>La collaboration sera ax\u00e9e aussi bien sur la diffusion de la vie et de l\u2019\u0153uvre de Salvador Dal\u00ed, au travers des 500 films audiovisuels dont disposent les archives de RTVE, que sur les manifestations qui seront organis\u00e9es l\u2019ann\u00e9e prochaine \u00e0 l\u2019occasion de la c\u00e9l\u00e9bration du centenaire de la naissance du peintre de Figueres.<\/p>\n<p>Les diff\u00e9rentes cha\u00eenes de RTVE en rendront compte \u00e0 l\u2019\u00e9chelle de la Catalogne, de l\u2019Espagne et du monde entier. Conform\u00e9ment au protocole d\u2019accord, l\u2019institution publique collaborera \u00e0 l\u2019Ann\u00e9e Dal\u00ed par le biais des journaux t\u00e9l\u00e9vis\u00e9s, de sa programmation r\u00e9guli\u00e8re et de plusieurs \u00e9missions sp\u00e9ciales.<\/p>\n","protected":false},"excerpt":{"rendered":"<p>Le groupe d\u2019entreprises de communication de Radio Televisi\u00f3n Espa\u00f1ola (RTVE) aura \u00e9t\u00e9 le second membre \u00e0 int\u00e9grer le Conseil promoteur de l\u2019Ann\u00e9e Dal\u00ed. Le protocole a \u00e9t\u00e9 sign\u00e9 au Th\u00e9\u00e2tre-mus\u00e9e Dal\u00ed de Figueres par le pr\u00e9sident de la Fondation Gala-Salvador Dal\u00ed, Ramon Boixad\u00f3s, et le directeur g\u00e9n\u00e9ral de RTVE, Jos\u00e9 Antonio S\u00e1nchez, accompagn\u00e9s de la [&hellip;]<\/p>\n","protected":false},"featured_media":3975,"menu_order":0,"template":"","format":"standard","meta":{"_acf_changed":false,"_coblocks_attr":"","_coblocks_dimensions":"","_coblocks_responsive_height":"","_coblocks_accordion_ie_support":""},"categoria-actualitat":[109],"class_list":["post-9745","noticia","type-noticia","status-publish","format-standard","has-post-thumbnail","hentry","categoria-actualitat-annee-dali"],"acf":[],"_links":{"self":[{"href":"https:\/\/webdali.latempesta.eu\/fr\/wp-json\/wp\/v2\/noticia\/9745","targetHints":{"allow":["GET"]}}],"collection":[{"href":"https:\/\/webdali.latempesta.eu\/fr\/wp-json\/wp\/v2\/noticia"}],"about":[{"href":"https:\/\/webdali.latempesta.eu\/fr\/wp-json\/wp\/v2\/types\/noticia"}],"wp:featuredmedia":[{"embeddable":true,"href":"https:\/\/webdali.latempesta.eu\/fr\/wp-json\/wp\/v2\/media\/3975"}],"wp:attachment":[{"href":"https:\/\/webdali.latempesta.eu\/fr\/wp-json\/wp\/v2\/media?parent=9745"}],"wp:term":[{"taxonomy":"categoria-actualitat","embeddable":true,"href":"https:\/\/webdali.latempesta.eu\/fr\/wp-json\/wp\/v2\/categoria-actualitat?post=9745"}],"curies":[{"name":"wp","href":"https:\/\/api.w.org\/{rel}","templated":true}]}}